{"id":1365,"date":"2023-07-23T19:18:04","date_gmt":"2023-07-23T17:18:04","guid":{"rendered":"https:\/\/studio-gsd.com\/?p=1365"},"modified":"2023-09-23T18:33:37","modified_gmt":"2023-09-23T16:33:37","slug":"exposition-photo-ehpad-rebais","status":"publish","type":"post","link":"https:\/\/studio-gsd.com\/en\/exposition-photo-ehpad-rebais\/","title":{"rendered":"S\u00e9bastien DUCHER expose ses photos"},"content":{"rendered":"<div data-elementor-type=\"wp-post\" data-elementor-id=\"1365\" class=\"elementor elementor-1365\">\n\t\t\t\t\t\t<section class=\"elementor-section elementor-top-section elementor-element elementor-element-9bb01eb elementor-section-boxed elementor-section-height-default elementor-section-height-default wpr-particle-no wpr-jarallax-no wpr-parallax-no wpr-sticky-section-no wpr-equal-height-no\" data-id=\"9bb01eb\" data-element_type=\"section\" data-e-type=\"section\">\n\t\t\t\t\t\t<div class=\"elementor-container elementor-column-gap-default\">\n\t\t\t\t\t<div class=\"elementor-column elementor-col-100 elementor-top-column elementor-element elementor-element-eba40e2\" data-id=\"eba40e2\" data-element_type=\"column\" data-e-type=\"column\">\n\t\t\t<div class=\"elementor-widget-wrap elementor-element-populated\">\n\t\t\t\t\t\t<div class=\"elementor-element elementor-element-329f38f elementor-widget elementor-widget-heading\" data-id=\"329f38f\" data-element_type=\"widget\" data-e-type=\"widget\" data-widget_type=\"heading.default\">\n\t\t\t\t<div class=\"elementor-widget-container\">\n\t\t\t\t\t<h2 class=\"elementor-heading-title elementor-size-default\">Du 1er avril au 23 septembre 2023, S\u00e9bastien expose ses photos sur le th\u00e8me du voyage.<\/h2>\t\t\t\t<\/div>\n\t\t\t\t<\/div>\n\t\t\t\t\t<\/div>\n\t\t<\/div>\n\t\t\t\t\t<\/div>\n\t\t<\/section>\n\t\t\t\t<section class=\"elementor-section elementor-top-section elementor-element elementor-element-2fd57e0 elementor-section-boxed elementor-section-height-default elementor-section-height-default wpr-particle-no wpr-jarallax-no wpr-parallax-no wpr-sticky-section-no wpr-equal-height-no\" data-id=\"2fd57e0\" data-element_type=\"section\" data-e-type=\"section\">\n\t\t\t\t\t\t<div class=\"elementor-container elementor-column-gap-default\">\n\t\t\t\t\t<div class=\"elementor-column elementor-col-100 elementor-top-column elementor-element elementor-element-0ea1340\" data-id=\"0ea1340\" data-element_type=\"column\" data-e-type=\"column\">\n\t\t\t<div class=\"elementor-widget-wrap elementor-element-populated\">\n\t\t\t\t\t\t<div class=\"elementor-element elementor-element-b84e452 elementor-widget elementor-widget-text-editor\" data-id=\"b84e452\" data-element_type=\"widget\" data-e-type=\"widget\" data-widget_type=\"text-editor.default\">\n\t\t\t\t<div class=\"elementor-widget-container\">\n\t\t\t\t\t\t\t\t\t<p>Venez nombreux voir quelques uns des plus beaux clich\u00e9s d&rsquo;art de S\u00e9bastien, \u00e0 l&rsquo;EHPAD Saint-Aile de Rebais<\/p>\t\t\t\t\t\t\t\t<\/div>\n\t\t\t\t<\/div>\n\t\t\t\t\t<\/div>\n\t\t<\/div>\n\t\t\t\t\t<\/div>\n\t\t<\/section>\n\t\t\t\t<section class=\"elementor-section elementor-top-section elementor-element elementor-element-8841cf6 elementor-section-boxed elementor-section-height-default elementor-section-height-default wpr-particle-no wpr-jarallax-no wpr-parallax-no wpr-sticky-section-no wpr-equal-height-no\" data-id=\"8841cf6\" data-element_type=\"section\" data-e-type=\"section\">\n\t\t\t\t\t\t<div class=\"elementor-container elementor-column-gap-default\">\n\t\t\t\t\t<div class=\"elementor-column elementor-col-66 elementor-top-column elementor-element elementor-element-f551440\" data-id=\"f551440\" data-element_type=\"column\" data-e-type=\"column\">\n\t\t\t<div class=\"elementor-widget-wrap elementor-element-populated\">\n\t\t\t\t\t\t<div class=\"elementor-element elementor-element-163f88c elementor-widget elementor-widget-text-editor\" data-id=\"163f88c\" data-element_type=\"widget\" data-e-type=\"widget\" data-widget_type=\"text-editor.default\">\n\t\t\t\t<div class=\"elementor-widget-container\">\n\t\t\t\t\t\t\t\t\t<p>Vous souhaitez en savoir plus sur cette exposition et pr\u00e9parer votre venue, t\u00e9l\u00e9chargez le livret de pr\u00e9sentation de l&rsquo;expo<\/p>\t\t\t\t\t\t\t\t<\/div>\n\t\t\t\t<\/div>\n\t\t\t\t<div class=\"elementor-element elementor-element-2dd92a1 elementor-align-center elementor-widget elementor-widget-button\" data-id=\"2dd92a1\" data-element_type=\"widget\" data-e-type=\"widget\" data-widget_type=\"button.default\">\n\t\t\t\t<div class=\"elementor-widget-container\">\n\t\t\t\t\t\t\t\t\t<div class=\"elementor-button-wrapper\">\n\t\t\t\t\t<a class=\"elementor-button elementor-button-link elementor-size-sm\" href=\"https:\/\/studio-gsd.com\/wp-content\/uploads\/2023\/07\/Livre-presentation-photos-Expo-EHPAD.pdf\">\n\t\t\t\t\t\t<span class=\"elementor-button-content-wrapper\">\n\t\t\t\t\t\t\t\t\t<span class=\"elementor-button-text\">T\u00e9l\u00e9chargez le livret<\/span>\n\t\t\t\t\t<\/span>\n\t\t\t\t\t<\/a>\n\t\t\t\t<\/div>\n\t\t\t\t\t\t\t\t<\/div>\n\t\t\t\t<\/div>\n\t\t\t\t\t<\/div>\n\t\t<\/div>\n\t\t\t\t<div class=\"elementor-column elementor-col-33 elementor-top-column elementor-element elementor-element-07f8f5e\" data-id=\"07f8f5e\" data-element_type=\"column\" data-e-type=\"column\">\n\t\t\t<div class=\"elementor-widget-wrap elementor-element-populated\">\n\t\t\t\t\t\t<div class=\"elementor-element elementor-element-3ba9456 elementor-widget elementor-widget-image\" data-id=\"3ba9456\" data-element_type=\"widget\" data-e-type=\"widget\" data-widget_type=\"image.default\">\n\t\t\t\t<div class=\"elementor-widget-container\">\n\t\t\t\t\t\t\t\t\t\t\t\t\t\t\t<img fetchpriority=\"high\" decoding=\"async\" width=\"724\" height=\"1024\" src=\"https:\/\/studio-gsd.com\/wp-content\/uploads\/2023\/07\/affiche-expo-724x1024.jpg\" class=\"attachment-large size-large wp-image-1367\" alt=\"Affiche de l&#039;exposition avec en arri\u00e8re plan une vue de nuit sur le port de Dieppe\" srcset=\"https:\/\/studio-gsd.com\/wp-content\/uploads\/2023\/07\/affiche-expo-724x1024.jpg 724w, https:\/\/studio-gsd.com\/wp-content\/uploads\/2023\/07\/affiche-expo-212x300.jpg 212w, https:\/\/studio-gsd.com\/wp-content\/uploads\/2023\/07\/affiche-expo-768x1086.jpg 768w, https:\/\/studio-gsd.com\/wp-content\/uploads\/2023\/07\/affiche-expo-1086x1536.jpg 1086w, https:\/\/studio-gsd.com\/wp-content\/uploads\/2023\/07\/affiche-expo-1448x2048.jpg 1448w, https:\/\/studio-gsd.com\/wp-content\/uploads\/2023\/07\/affiche-expo.jpg 1655w\" sizes=\"(max-width: 724px) 100vw, 724px\" \/>\t\t\t\t\t\t\t\t\t\t\t\t\t\t\t<\/div>\n\t\t\t\t<\/div>\n\t\t\t\t\t<\/div>\n\t\t<\/div>\n\t\t\t\t\t<\/div>\n\t\t<\/section>\n\t\t\t\t<section class=\"elementor-section elementor-top-section elementor-element elementor-element-248fb6b9 elementor-section-boxed elementor-section-height-default elementor-section-height-default wpr-particle-no wpr-jarallax-no wpr-parallax-no wpr-sticky-section-no wpr-equal-height-no\" data-id=\"248fb6b9\" data-element_type=\"section\" data-e-type=\"section\">\n\t\t\t\t\t\t<div class=\"elementor-container elementor-column-gap-default\">\n\t\t\t\t\t<div class=\"elementor-column elementor-col-100 elementor-top-column elementor-element elementor-element-66b7739e\" data-id=\"66b7739e\" data-element_type=\"column\" data-e-type=\"column\">\n\t\t\t<div class=\"elementor-widget-wrap elementor-element-populated\">\n\t\t\t\t\t\t<div class=\"elementor-element elementor-element-790324c7 wpr-pc-btn-align-fixed wpr-pc-btn-align-fixed-right wpr-pc-btn-icon-right elementor-widget elementor-widget-wpr-phone-call\" data-id=\"790324c7\" data-element_type=\"widget\" data-e-type=\"widget\" data-widget_type=\"wpr-phone-call.default\">\n\t\t\t\t<div class=\"elementor-widget-container\">\n\t\t\t\t\t<div class=\"wpr-pc-wrapper\"><a href=\"tel:+33781319616\" class=\"wpr-pc-btn\"><div class=\"wpr-pc-content\"><span class=\"wpr-pc-text\">Appelez S\u00e9bastien maintenant<\/span><span class=\"wpr-pc-btn-icon\"><i class=\"fas fa-phone\"><\/i><\/span><\/div><\/a><\/div>\t\t\t\t<\/div>\n\t\t\t\t<\/div>\n\t\t\t\t\t<\/div>\n\t\t<\/div>\n\t\t\t\t\t<\/div>\n\t\t<\/section>\n\t\t\t\t<\/div>","protected":false},"excerpt":{"rendered":"<p>Du 1er avril au 23 septembre 2023, S\u00e9bastien expose ses photos sur le th\u00e8me du voyage \u00e0 l&rsquo;EHPAD de Rebais. Entr\u00e9e libre. <\/p>","protected":false},"author":1,"featured_media":1367,"comment_status":"open","ping_status":"closed","sticky":false,"template":"","format":"standard","meta":{"_mo_disable_npp":"","site-sidebar-layout":"default","site-content-layout":"","ast-site-content-layout":"default","site-content-style":"default","site-sidebar-style":"default","ast-global-header-display":"","ast-banner-title-visibility":"","ast-main-header-display":"","ast-hfb-above-header-display":"","ast-hfb-below-header-display":"","ast-hfb-mobile-header-display":"","site-post-title":"","ast-breadcrumbs-content":"","ast-featured-img":"","footer-sml-layout":"","theme-transparent-header-meta":"","adv-header-id-meta":"","stick-header-meta":"","header-above-stick-meta":"","header-main-stick-meta":"","header-below-stick-meta":"","astra-migrate-meta-layouts":"set","ast-page-background-enabled":"default","ast-page-background-meta":{"desktop":{"background-color":"var(--ast-global-color-4)","background-image":"","background-repeat":"repeat","background-position":"center center","background-size":"auto","background-attachment":"scroll","background-type":"","background-media":"","overlay-type":"","overlay-color":"","overlay-opacity":"","overlay-gradient":""},"tablet":{"background-color":"","background-image":"","background-repeat":"repeat","background-position":"center center","background-size":"auto","background-attachment":"scroll","background-type":"","background-media":"","overlay-type":"","overlay-color":"","overlay-opacity":"","overlay-gradient":""},"mobile":{"background-color":"","background-image":"","background-repeat":"repeat","background-position":"center center","background-size":"auto","background-attachment":"scroll","background-type":"","background-media":"","overlay-type":"","overlay-color":"","overlay-opacity":"","overlay-gradient":""}},"ast-content-background-meta":{"desktop":{"background-color":"var(--ast-global-color-5)","background-image":"","background-repeat":"repeat","background-position":"center center","background-size":"auto","background-attachment":"scroll","background-type":"","background-media":"","overlay-type":"","overlay-color":"","overlay-opacity":"","overlay-gradient":""},"tablet":{"background-color":"var(--ast-global-color-5)","background-image":"","background-repeat":"repeat","background-position":"center center","background-size":"auto","background-attachment":"scroll","background-type":"","background-media":"","overlay-type":"","overlay-color":"","overlay-opacity":"","overlay-gradient":""},"mobile":{"background-color":"var(--ast-global-color-5)","background-image":"","background-repeat":"repeat","background-position":"center center","background-size":"auto","background-attachment":"scroll","background-type":"","background-media":"","overlay-type":"","overlay-color":"","overlay-opacity":"","overlay-gradient":""}},"footnotes":""},"categories":[9],"tags":[14],"class_list":["post-1365","post","type-post","status-publish","format-standard","has-post-thumbnail","hentry","category-actus-generales","tag-expositions"],"yoast_head":"<!-- This site is optimized with the Yoast SEO plugin v27.5 - https:\/\/yoast.com\/product\/yoast-seo-wordpress\/ -->\n<title>S\u00e9bastien DUCHER expose ses photos EHPAD Saint Aile Rebais - Studio GSD<\/title>\n<meta name=\"description\" content=\"Actuellement et jusqu&#039;au 22 septembre 2023, S\u00e9bastien expose ses photos \u00e0 l&#039;EHPAD Saint Aile de Rebais, sur le th\u00e8me du Voyage.\" \/>\n<meta name=\"robots\" content=\"index, follow, max-snippet:-1, max-image-preview:large, max-video-preview:-1\" \/>\n<link rel=\"canonical\" href=\"https:\/\/studio-gsd.com\/en\/exposition-photo-ehpad-rebais\/\" \/>\n<meta property=\"og:locale\" content=\"en_GB\" \/>\n<meta property=\"og:type\" content=\"article\" \/>\n<meta property=\"og:title\" content=\"S\u00e9bastien DUCHER expose ses photos EHPAD Saint Aile Rebais - Studio GSD\" \/>\n<meta property=\"og:description\" content=\"Actuellement et jusqu&#039;au 22 septembre 2023, S\u00e9bastien expose ses photos \u00e0 l&#039;EHPAD Saint Aile de Rebais, sur le th\u00e8me du Voyage.\" \/>\n<meta property=\"og:url\" content=\"https:\/\/studio-gsd.com\/en\/exposition-photo-ehpad-rebais\/\" \/>\n<meta property=\"og:site_name\" content=\"Studio GSD\" \/>\n<meta property=\"article:published_time\" content=\"2023-07-23T17:18:04+00:00\" \/>\n<meta property=\"article:modified_time\" content=\"2023-09-23T16:33:37+00:00\" \/>\n<meta property=\"og:image\" content=\"https:\/\/studio-gsd.com\/wp-content\/uploads\/2023\/07\/affiche-expo.jpg\" \/>\n\t<meta property=\"og:image:width\" content=\"1655\" \/>\n\t<meta property=\"og:image:height\" content=\"2340\" \/>\n\t<meta property=\"og:image:type\" content=\"image\/jpeg\" \/>\n<meta name=\"author\" content=\"S\u00e9bastien DUCHER\" \/>\n<meta name=\"twitter:card\" content=\"summary_large_image\" \/>\n<meta name=\"twitter:label1\" content=\"Written by\" \/>\n\t<meta name=\"twitter:data1\" content=\"S\u00e9bastien DUCHER\" \/>\n\t<meta name=\"twitter:label2\" content=\"Estimated reading time\" \/>\n\t<meta name=\"twitter:data2\" content=\"1 minute\" \/>\n<script type=\"application\/ld+json\" class=\"yoast-schema-graph\">{\"@context\":\"https:\\\/\\\/schema.org\",\"@graph\":[{\"@type\":\"Article\",\"@id\":\"https:\\\/\\\/studio-gsd.com\\\/exposition-photo-ehpad-rebais\\\/#article\",\"isPartOf\":{\"@id\":\"https:\\\/\\\/studio-gsd.com\\\/exposition-photo-ehpad-rebais\\\/\"},\"author\":{\"name\":\"S\u00e9bastien DUCHER\",\"@id\":\"https:\\\/\\\/studio-gsd.com\\\/#\\\/schema\\\/person\\\/d696b72cb97580317025b87764211145\"},\"headline\":\"S\u00e9bastien DUCHER expose ses photos\",\"datePublished\":\"2023-07-23T17:18:04+00:00\",\"dateModified\":\"2023-09-23T16:33:37+00:00\",\"mainEntityOfPage\":{\"@id\":\"https:\\\/\\\/studio-gsd.com\\\/exposition-photo-ehpad-rebais\\\/\"},\"wordCount\":75,\"commentCount\":0,\"publisher\":{\"@id\":\"https:\\\/\\\/studio-gsd.com\\\/#organization\"},\"image\":{\"@id\":\"https:\\\/\\\/studio-gsd.com\\\/exposition-photo-ehpad-rebais\\\/#primaryimage\"},\"thumbnailUrl\":\"https:\\\/\\\/studio-gsd.com\\\/wp-content\\\/uploads\\\/2023\\\/07\\\/affiche-expo.jpg\",\"keywords\":[\"expositions\"],\"articleSection\":[\"Actus g\u00e9n\u00e9rales\"],\"inLanguage\":\"en-GB\",\"potentialAction\":[{\"@type\":\"CommentAction\",\"name\":\"Comment\",\"target\":[\"https:\\\/\\\/studio-gsd.com\\\/exposition-photo-ehpad-rebais\\\/#respond\"]}]},{\"@type\":\"WebPage\",\"@id\":\"https:\\\/\\\/studio-gsd.com\\\/exposition-photo-ehpad-rebais\\\/\",\"url\":\"https:\\\/\\\/studio-gsd.com\\\/exposition-photo-ehpad-rebais\\\/\",\"name\":\"S\u00e9bastien DUCHER expose ses photos EHPAD Saint Aile Rebais - Studio GSD\",\"isPartOf\":{\"@id\":\"https:\\\/\\\/studio-gsd.com\\\/#website\"},\"primaryImageOfPage\":{\"@id\":\"https:\\\/\\\/studio-gsd.com\\\/exposition-photo-ehpad-rebais\\\/#primaryimage\"},\"image\":{\"@id\":\"https:\\\/\\\/studio-gsd.com\\\/exposition-photo-ehpad-rebais\\\/#primaryimage\"},\"thumbnailUrl\":\"https:\\\/\\\/studio-gsd.com\\\/wp-content\\\/uploads\\\/2023\\\/07\\\/affiche-expo.jpg\",\"datePublished\":\"2023-07-23T17:18:04+00:00\",\"dateModified\":\"2023-09-23T16:33:37+00:00\",\"description\":\"Actuellement et jusqu'au 22 septembre 2023, S\u00e9bastien expose ses photos \u00e0 l'EHPAD Saint Aile de Rebais, sur le th\u00e8me du Voyage.\",\"breadcrumb\":{\"@id\":\"https:\\\/\\\/studio-gsd.com\\\/exposition-photo-ehpad-rebais\\\/#breadcrumb\"},\"inLanguage\":\"en-GB\",\"potentialAction\":[{\"@type\":\"ReadAction\",\"target\":[\"https:\\\/\\\/studio-gsd.com\\\/exposition-photo-ehpad-rebais\\\/\"]}]},{\"@type\":\"ImageObject\",\"inLanguage\":\"en-GB\",\"@id\":\"https:\\\/\\\/studio-gsd.com\\\/exposition-photo-ehpad-rebais\\\/#primaryimage\",\"url\":\"https:\\\/\\\/studio-gsd.com\\\/wp-content\\\/uploads\\\/2023\\\/07\\\/affiche-expo.jpg\",\"contentUrl\":\"https:\\\/\\\/studio-gsd.com\\\/wp-content\\\/uploads\\\/2023\\\/07\\\/affiche-expo.jpg\",\"width\":1655,\"height\":2340,\"caption\":\"Affiche de l'exposition avec en arri\u00e8re plan une vue de nuit sur le port de Dieppe\"},{\"@type\":\"BreadcrumbList\",\"@id\":\"https:\\\/\\\/studio-gsd.com\\\/exposition-photo-ehpad-rebais\\\/#breadcrumb\",\"itemListElement\":[{\"@type\":\"ListItem\",\"position\":1,\"name\":\"Accueil\",\"item\":\"https:\\\/\\\/studio-gsd.com\\\/\"},{\"@type\":\"ListItem\",\"position\":2,\"name\":\"S\u00e9bastien DUCHER expose ses photos\"}]},{\"@type\":\"WebSite\",\"@id\":\"https:\\\/\\\/studio-gsd.com\\\/#website\",\"url\":\"https:\\\/\\\/studio-gsd.com\\\/\",\"name\":\"Studio GSD\",\"description\":\"Cr\u00e9ateur d&#039;histoires, artisan de vos souvenirs\",\"publisher\":{\"@id\":\"https:\\\/\\\/studio-gsd.com\\\/#organization\"},\"potentialAction\":[{\"@type\":\"SearchAction\",\"target\":{\"@type\":\"EntryPoint\",\"urlTemplate\":\"https:\\\/\\\/studio-gsd.com\\\/?s={search_term_string}\"},\"query-input\":{\"@type\":\"PropertyValueSpecification\",\"valueRequired\":true,\"valueName\":\"search_term_string\"}}],\"inLanguage\":\"en-GB\"},{\"@type\":\"Organization\",\"@id\":\"https:\\\/\\\/studio-gsd.com\\\/#organization\",\"name\":\"Studio GSD\",\"url\":\"https:\\\/\\\/studio-gsd.com\\\/\",\"logo\":{\"@type\":\"ImageObject\",\"inLanguage\":\"en-GB\",\"@id\":\"https:\\\/\\\/studio-gsd.com\\\/#\\\/schema\\\/logo\\\/image\\\/\",\"url\":\"https:\\\/\\\/studio-gsd.com\\\/wp-content\\\/uploads\\\/2023\\\/05\\\/cropped-logo-v2.6-alpha-point-lumineux-scaled-1.jpg\",\"contentUrl\":\"https:\\\/\\\/studio-gsd.com\\\/wp-content\\\/uploads\\\/2023\\\/05\\\/cropped-logo-v2.6-alpha-point-lumineux-scaled-1.jpg\",\"width\":2276,\"height\":1534,\"caption\":\"Studio GSD\"},\"image\":{\"@id\":\"https:\\\/\\\/studio-gsd.com\\\/#\\\/schema\\\/logo\\\/image\\\/\"}},{\"@type\":\"Person\",\"@id\":\"https:\\\/\\\/studio-gsd.com\\\/#\\\/schema\\\/person\\\/d696b72cb97580317025b87764211145\",\"name\":\"S\u00e9bastien DUCHER\",\"image\":{\"@type\":\"ImageObject\",\"inLanguage\":\"en-GB\",\"@id\":\"https:\\\/\\\/secure.gravatar.com\\\/avatar\\\/65eb9b3ab3dee947945ab2966d6ead6d81c4ab9ecaa0ad2af9aea2eb941f72ff?s=96&d=mm&r=g\",\"url\":\"https:\\\/\\\/secure.gravatar.com\\\/avatar\\\/65eb9b3ab3dee947945ab2966d6ead6d81c4ab9ecaa0ad2af9aea2eb941f72ff?s=96&d=mm&r=g\",\"contentUrl\":\"https:\\\/\\\/secure.gravatar.com\\\/avatar\\\/65eb9b3ab3dee947945ab2966d6ead6d81c4ab9ecaa0ad2af9aea2eb941f72ff?s=96&d=mm&r=g\",\"caption\":\"S\u00e9bastien DUCHER\"},\"sameAs\":[\"https:\\\/\\\/studio-gsd.com\"],\"url\":\"https:\\\/\\\/studio-gsd.com\\\/en\\\/author\\\/sebastien-ducher\\\/\"}]}<\/script>\n<!-- \/ Yoast SEO plugin. -->","yoast_head_json":{"title":"S\u00e9bastien DUCHER expose ses photos EHPAD Saint Aile Rebais - Studio GSD","description":"Actuellement et jusqu'au 22 septembre 2023, S\u00e9bastien expose ses photos \u00e0 l'EHPAD Saint Aile de Rebais, sur le th\u00e8me du Voyage.","robots":{"index":"index","follow":"follow","max-snippet":"max-snippet:-1","max-image-preview":"max-image-preview:large","max-video-preview":"max-video-preview:-1"},"canonical":"https:\/\/studio-gsd.com\/en\/exposition-photo-ehpad-rebais\/","og_locale":"en_GB","og_type":"article","og_title":"S\u00e9bastien DUCHER expose ses photos EHPAD Saint Aile Rebais - Studio GSD","og_description":"Actuellement et jusqu'au 22 septembre 2023, S\u00e9bastien expose ses photos \u00e0 l'EHPAD Saint Aile de Rebais, sur le th\u00e8me du Voyage.","og_url":"https:\/\/studio-gsd.com\/en\/exposition-photo-ehpad-rebais\/","og_site_name":"Studio GSD","article_published_time":"2023-07-23T17:18:04+00:00","article_modified_time":"2023-09-23T16:33:37+00:00","og_image":[{"width":1655,"height":2340,"url":"https:\/\/studio-gsd.com\/wp-content\/uploads\/2023\/07\/affiche-expo.jpg","type":"image\/jpeg"}],"author":"S\u00e9bastien DUCHER","twitter_card":"summary_large_image","twitter_misc":{"Written by":"S\u00e9bastien DUCHER","Estimated reading time":"1 minute"},"schema":{"@context":"https:\/\/schema.org","@graph":[{"@type":"Article","@id":"https:\/\/studio-gsd.com\/exposition-photo-ehpad-rebais\/#article","isPartOf":{"@id":"https:\/\/studio-gsd.com\/exposition-photo-ehpad-rebais\/"},"author":{"name":"S\u00e9bastien DUCHER","@id":"https:\/\/studio-gsd.com\/#\/schema\/person\/d696b72cb97580317025b87764211145"},"headline":"S\u00e9bastien DUCHER expose ses photos","datePublished":"2023-07-23T17:18:04+00:00","dateModified":"2023-09-23T16:33:37+00:00","mainEntityOfPage":{"@id":"https:\/\/studio-gsd.com\/exposition-photo-ehpad-rebais\/"},"wordCount":75,"commentCount":0,"publisher":{"@id":"https:\/\/studio-gsd.com\/#organization"},"image":{"@id":"https:\/\/studio-gsd.com\/exposition-photo-ehpad-rebais\/#primaryimage"},"thumbnailUrl":"https:\/\/studio-gsd.com\/wp-content\/uploads\/2023\/07\/affiche-expo.jpg","keywords":["expositions"],"articleSection":["Actus g\u00e9n\u00e9rales"],"inLanguage":"en-GB","potentialAction":[{"@type":"CommentAction","name":"Comment","target":["https:\/\/studio-gsd.com\/exposition-photo-ehpad-rebais\/#respond"]}]},{"@type":"WebPage","@id":"https:\/\/studio-gsd.com\/exposition-photo-ehpad-rebais\/","url":"https:\/\/studio-gsd.com\/exposition-photo-ehpad-rebais\/","name":"S\u00e9bastien DUCHER expose ses photos EHPAD Saint Aile Rebais - Studio GSD","isPartOf":{"@id":"https:\/\/studio-gsd.com\/#website"},"primaryImageOfPage":{"@id":"https:\/\/studio-gsd.com\/exposition-photo-ehpad-rebais\/#primaryimage"},"image":{"@id":"https:\/\/studio-gsd.com\/exposition-photo-ehpad-rebais\/#primaryimage"},"thumbnailUrl":"https:\/\/studio-gsd.com\/wp-content\/uploads\/2023\/07\/affiche-expo.jpg","datePublished":"2023-07-23T17:18:04+00:00","dateModified":"2023-09-23T16:33:37+00:00","description":"Actuellement et jusqu'au 22 septembre 2023, S\u00e9bastien expose ses photos \u00e0 l'EHPAD Saint Aile de Rebais, sur le th\u00e8me du Voyage.","breadcrumb":{"@id":"https:\/\/studio-gsd.com\/exposition-photo-ehpad-rebais\/#breadcrumb"},"inLanguage":"en-GB","potentialAction":[{"@type":"ReadAction","target":["https:\/\/studio-gsd.com\/exposition-photo-ehpad-rebais\/"]}]},{"@type":"ImageObject","inLanguage":"en-GB","@id":"https:\/\/studio-gsd.com\/exposition-photo-ehpad-rebais\/#primaryimage","url":"https:\/\/studio-gsd.com\/wp-content\/uploads\/2023\/07\/affiche-expo.jpg","contentUrl":"https:\/\/studio-gsd.com\/wp-content\/uploads\/2023\/07\/affiche-expo.jpg","width":1655,"height":2340,"caption":"Affiche de l'exposition avec en arri\u00e8re plan une vue de nuit sur le port de Dieppe"},{"@type":"BreadcrumbList","@id":"https:\/\/studio-gsd.com\/exposition-photo-ehpad-rebais\/#breadcrumb","itemListElement":[{"@type":"ListItem","position":1,"name":"Accueil","item":"https:\/\/studio-gsd.com\/"},{"@type":"ListItem","position":2,"name":"S\u00e9bastien DUCHER expose ses photos"}]},{"@type":"WebSite","@id":"https:\/\/studio-gsd.com\/#website","url":"https:\/\/studio-gsd.com\/","name":"Studio GSD","description":"Cr\u00e9ateur d&#039;histoires, artisan de vos souvenirs","publisher":{"@id":"https:\/\/studio-gsd.com\/#organization"},"potentialAction":[{"@type":"SearchAction","target":{"@type":"EntryPoint","urlTemplate":"https:\/\/studio-gsd.com\/?s={search_term_string}"},"query-input":{"@type":"PropertyValueSpecification","valueRequired":true,"valueName":"search_term_string"}}],"inLanguage":"en-GB"},{"@type":"Organization","@id":"https:\/\/studio-gsd.com\/#organization","name":"Studio GSD","url":"https:\/\/studio-gsd.com\/","logo":{"@type":"ImageObject","inLanguage":"en-GB","@id":"https:\/\/studio-gsd.com\/#\/schema\/logo\/image\/","url":"https:\/\/studio-gsd.com\/wp-content\/uploads\/2023\/05\/cropped-logo-v2.6-alpha-point-lumineux-scaled-1.jpg","contentUrl":"https:\/\/studio-gsd.com\/wp-content\/uploads\/2023\/05\/cropped-logo-v2.6-alpha-point-lumineux-scaled-1.jpg","width":2276,"height":1534,"caption":"Studio GSD"},"image":{"@id":"https:\/\/studio-gsd.com\/#\/schema\/logo\/image\/"}},{"@type":"Person","@id":"https:\/\/studio-gsd.com\/#\/schema\/person\/d696b72cb97580317025b87764211145","name":"S\u00e9bastien DUCHER","image":{"@type":"ImageObject","inLanguage":"en-GB","@id":"https:\/\/secure.gravatar.com\/avatar\/65eb9b3ab3dee947945ab2966d6ead6d81c4ab9ecaa0ad2af9aea2eb941f72ff?s=96&d=mm&r=g","url":"https:\/\/secure.gravatar.com\/avatar\/65eb9b3ab3dee947945ab2966d6ead6d81c4ab9ecaa0ad2af9aea2eb941f72ff?s=96&d=mm&r=g","contentUrl":"https:\/\/secure.gravatar.com\/avatar\/65eb9b3ab3dee947945ab2966d6ead6d81c4ab9ecaa0ad2af9aea2eb941f72ff?s=96&d=mm&r=g","caption":"S\u00e9bastien DUCHER"},"sameAs":["https:\/\/studio-gsd.com"],"url":"https:\/\/studio-gsd.com\/en\/author\/sebastien-ducher\/"}]}},"_links":{"self":[{"href":"https:\/\/studio-gsd.com\/en\/wp-json\/wp\/v2\/posts\/1365","targetHints":{"allow":["GET"]}}],"collection":[{"href":"https:\/\/studio-gsd.com\/en\/wp-json\/wp\/v2\/posts"}],"about":[{"href":"https:\/\/studio-gsd.com\/en\/wp-json\/wp\/v2\/types\/post"}],"author":[{"embeddable":true,"href":"https:\/\/studio-gsd.com\/en\/wp-json\/wp\/v2\/users\/1"}],"replies":[{"embeddable":true,"href":"https:\/\/studio-gsd.com\/en\/wp-json\/wp\/v2\/comments?post=1365"}],"version-history":[{"count":18,"href":"https:\/\/studio-gsd.com\/en\/wp-json\/wp\/v2\/posts\/1365\/revisions"}],"predecessor-version":[{"id":1619,"href":"https:\/\/studio-gsd.com\/en\/wp-json\/wp\/v2\/posts\/1365\/revisions\/1619"}],"wp:featuredmedia":[{"embeddable":true,"href":"https:\/\/studio-gsd.com\/en\/wp-json\/wp\/v2\/media\/1367"}],"wp:attachment":[{"href":"https:\/\/studio-gsd.com\/en\/wp-json\/wp\/v2\/media?parent=1365"}],"wp:term":[{"taxonomy":"category","embeddable":true,"href":"https:\/\/studio-gsd.com\/en\/wp-json\/wp\/v2\/categories?post=1365"},{"taxonomy":"post_tag","embeddable":true,"href":"https:\/\/studio-gsd.com\/en\/wp-json\/wp\/v2\/tags?post=1365"}],"curies":[{"name":"wp","href":"https:\/\/api.w.org\/{rel}","templated":true}]}}